{"id":705,"date":"2018-08-13T18:09:54","date_gmt":"2018-08-13T16:09:54","guid":{"rendered":"http:\/\/solidarity.international\/?p=705"},"modified":"2025-07-06T10:17:53","modified_gmt":"2025-07-06T08:17:53","slug":"mezinarodni-tyden-solidarity-s-anarchistickymi-vezni","status":"publish","type":"post","link":"https:\/\/solidarity.international\/index.php\/2018\/08\/13\/mezinarodni-tyden-solidarity-s-anarchistickymi-vezni\/","title":{"rendered":"Mezin\u00e1rodn\u00ed t\u00fdden solidarity s anarchistick\u00fdmi v\u011bzni"},"content":{"rendered":"<p>Tento rok se znovu vrac\u00edme s Mezin\u00e1rodn\u00edm t\u00fddnem na podporu anarchistick\u00fdch v\u011bz\u0148\u016f. Od lo\u0148sk\u00e9ho roku se v na\u0161ich zem\u00edch zm\u011bnila spousta v\u011bc\u00ed, ale celkov\u011b situace sm\u011b\u0159uje sp\u00ed\u0161 hor\u0161\u00edm sm\u011brem a po\u010det repres\u00ed proti anarchist\u016fm a anarchistk\u00e1m nar\u016fst\u00e1 nejen v Evrop\u011b, ale po cel\u00e9m sv\u011bt\u011b. S t\u00edmto na mysli, vyz\u00fdv\u00e1me k \u0161est\u00e9mu ka\u017edoro\u010dn\u00edmu t\u00fddnu solidarity!<br \/>\nV minul\u00e9m roce jsme dostali spousty report\u016f o proveden\u00fdch akc\u00edch z r\u016fzn\u00fdch \u010d\u00e1st\u00ed sv\u011bta a douf\u00e1me \u017ee letos to bude je\u0161t\u011b v\u011bt\u0161\u00ed. Pot\u0159ebujeme podpo\u0159it na\u0161e soudruhy a soudru\u017eky! Vyu\u017eij tohoto t\u00fddne k \u0161\u00ed\u0159en\u00ed informac\u00ed o v\u011bzn\u011bn\u00fdch anarchistech a anarchistk\u00e1ch. Nev\u00ed\u0161 o v\u011bzn\u00edch ve sv\u00e9 zemi? Podpo\u0159 jin\u00e9 v\u011bzn\u011b z jin\u00fdch zem\u00ed nebo vyu\u017eij t\u011bchto dn\u016f k informov\u00e1n\u00ed o represivn\u00edch mechanismech a o zp\u016fsobech, jak jim anarchistick\u00e9 komunity mohou vzdorovat!<\/p>\n<p>Buduj bezpe\u010dnostn\u00ed kulturu, podporuj sv\u00e9 lok\u00e1ln\u00ed anarchistick\u00e9 v\u011bzn\u011b a bra\u0148 se!<\/p>\n<p>Nev\u00e1hej a pos\u00edlej reporty o proveden\u00fdch akc\u00edch na tillallarefree@riseup.net!<\/p>\n<p>Nikdo nen\u00ed svobodn\u00fd, dokud nejsou svobodn\u00ed v\u0161ichni!<\/p>\n<p><img loading=\"lazy\" decoding=\"async\" class=\"alignnone size-large wp-image-706\" src=\"https:\/\/solidarity.international\/wp-content\/uploads\/2018\/08\/woswapT-3-1024x896.jpg\" alt=\"\" width=\"960\" height=\"840\" srcset=\"https:\/\/solidarity.international\/wp-content\/uploads\/2018\/08\/woswapT-3-1024x896.jpg 1024w, https:\/\/solidarity.international\/wp-content\/uploads\/2018\/08\/woswapT-3-300x263.jpg 300w, https:\/\/solidarity.international\/wp-content\/uploads\/2018\/08\/woswapT-3-768x672.jpg 768w, https:\/\/solidarity.international\/wp-content\/uploads\/2018\/08\/woswapT-3-600x525.jpg 600w\" sizes=\"auto, (max-width: 960px) 100vw, 960px\" \/><\/p>\n","protected":false},"excerpt":{"rendered":"<p>Tento rok se znovu vrac\u00edme s Mezin\u00e1rodn\u00edm t\u00fddnem na podporu anarchistick\u00fdch v\u011bz\u0148\u016f. Od lo\u0148sk\u00e9ho roku se v na\u0161ich zem\u00edch zm\u011bnila spousta v\u011bc\u00ed, ale celkov\u011b situace sm\u011b\u0159uje sp\u00ed\u0161 hor\u0161\u00edm sm\u011brem a po\u010det repres\u00ed proti anarchist\u016fm a anarchistk\u00e1m nar\u016fst\u00e1 nejen v Evrop\u011b, ale po cel\u00e9m sv\u011bt\u011b. S t\u00edmto na mysli, vyz\u00fdv\u00e1me k \u0161est\u00e9mu ka\u017edoro\u010dn\u00edmu t\u00fddnu solidarity! V [&hellip;]<\/p>\n","protected":false},"author":2,"featured_media":693,"comment_status":"open","ping_status":"open","sticky":false,"template":"","format":"standard","meta":{"footnotes":""},"categories":[313],"tags":[],"class_list":["post-705","post","type-post","status-publish","format-standard","has-post-thumbnail","hentry","category-313"],"_links":{"self":[{"href":"https:\/\/solidarity.international\/index.php\/wp-json\/wp\/v2\/posts\/705","targetHints":{"allow":["GET"]}}],"collection":[{"href":"https:\/\/solidarity.international\/index.php\/wp-json\/wp\/v2\/posts"}],"about":[{"href":"https:\/\/solidarity.international\/index.php\/wp-json\/wp\/v2\/types\/post"}],"author":[{"embeddable":true,"href":"https:\/\/solidarity.international\/index.php\/wp-json\/wp\/v2\/users\/2"}],"replies":[{"embeddable":true,"href":"https:\/\/solidarity.international\/index.php\/wp-json\/wp\/v2\/comments?post=705"}],"version-history":[{"count":1,"href":"https:\/\/solidarity.international\/index.php\/wp-json\/wp\/v2\/posts\/705\/revisions"}],"predecessor-version":[{"id":707,"href":"https:\/\/solidarity.international\/index.php\/wp-json\/wp\/v2\/posts\/705\/revisions\/707"}],"wp:featuredmedia":[{"embeddable":true,"href":"https:\/\/solidarity.international\/index.php\/wp-json\/wp\/v2\/media\/693"}],"wp:attachment":[{"href":"https:\/\/solidarity.international\/index.php\/wp-json\/wp\/v2\/media?parent=705"}],"wp:term":[{"taxonomy":"category","embeddable":true,"href":"https:\/\/solidarity.international\/index.php\/wp-json\/wp\/v2\/categories?post=705"},{"taxonomy":"post_tag","embeddable":true,"href":"https:\/\/solidarity.international\/index.php\/wp-json\/wp\/v2\/tags?post=705"}],"curies":[{"name":"wp","href":"https:\/\/api.w.org\/{rel}","templated":true}]}}