{"id":2242,"date":"2023-08-22T11:17:20","date_gmt":"2023-08-22T09:17:20","guid":{"rendered":"https:\/\/solidarity.international\/?p=2242"},"modified":"2023-08-22T11:17:21","modified_gmt":"2023-08-22T09:17:21","slug":"dzien-solidarnosci-z-uwiezionymi-anarchist-k-ami","status":"publish","type":"post","link":"https:\/\/solidarity.international\/index.php\/2023\/08\/22\/dzien-solidarnosci-z-uwiezionymi-anarchist-k-ami\/","title":{"rendered":"Dzie\u0144 Solidarno\u015bci z uwi\u0119zionymi anarchist.k.ami"},"content":{"rendered":"\n<p> <\/p>\n\n\n\n<p>? 26 sierpnia, od godz. 14.00<br>? APE, Jazd\u00f3w 5A\/4<\/p>\n\n\n\n<p>\u015awiat jest niesprawiedliwy, ale staramy si\u0119 go naprawia\u0107, walcz\u0105c z r\u00f3\u017cnymi systemami opresji: kapitalizmem, patriarchatem, antropocentryzmem. Bardzo cz\u0119sto z tego powodu anarchi\u015bci i anarchistki spotykaj\u0105 si\u0119 z ostr\u0105 reakcj\u0105 pa\u0144stwa i trafiaj\u0105 do niewoli.<\/p>\n\n\n\n<p>Solidarno\u015b\u0107 z uwi\u0119zionymi to nie tylko kwestia wsp\u00f3\u0142czucia czy sympatii dla ich osobistych historii. To cz\u0119\u015b\u0107 szerszej walki politycznej &#8211; pokazujemy naszym towarzyszom i towarzyszkom, \u017ce nie s\u0105 pozostawieni sami sobie z represjami, \u017ce ich wk\u0142ad w anarchizm jest znacz\u0105cy i wa\u017cny, nawet je\u015bli obecnie odebrano im wolno\u015b\u0107.<\/p>\n\n\n\n<p>Tydzie\u0144 Solidarno\u015bci z uwi\u0119zionymi anarchist.k.ami odbywa si\u0119 co roku pod koniec sierpnia. Jest to okazja, aby po raz kolejny przypomnie\u0107 o towarzysz.k.ach, siedz\u0105cych w wi\u0119zieniach na ca\u0142ym \u015bwiecie, ich politycznych \u015bcie\u017ckach i idea\u0142ach oraz o potrzebie ich wsparcia.<\/p>\n\n\n\n<p>Zach\u0119camy do przy\u0142\u0105czenia si\u0119 do walki z niesprawiedliwo\u015bci\u0105 i wsp\u00f3lnego wsparcia towarzyszy i towarzyszek! 26 sierpnia organizujemy dzie\u0144 solidarno\u015bci z uwi\u0119zionymi arnarchist.k.ami w Autonomicznej Przestrzeni Edukacyjnej (https:\/\/ape.edu.pl\/).<\/p>\n\n\n\n<p>W programie:<\/p>\n\n\n\n<p>? Prezentacja historii Mi\u0119dzynarodowego Tygodnia Solidarno\u015bci z Wi\u0119\u017aniami Anarchistycznymi<br>? Wystawa rysunk\u00f3w uwi\u0119zionych towarzyszy i towarzyszek<br>? Czytanie i pisanie list\u00f3w<br>? Herbata i s\u0142odycze<\/p>\n\n\n\n<p><strong>Praktykuj solidarno\u015b\u0107 w dzia\u0142aniu!<\/strong><\/p>\n","protected":false},"excerpt":{"rendered":"<p>? 26 sierpnia, od godz. 14.00? APE, Jazd\u00f3w 5A\/4 \u015awiat jest niesprawiedliwy, ale staramy si\u0119 go naprawia\u0107, walcz\u0105c z r\u00f3\u017cnymi systemami opresji: kapitalizmem, patriarchatem, antropocentryzmem. Bardzo cz\u0119sto z tego powodu anarchi\u015bci i anarchistki spotykaj\u0105 si\u0119 z ostr\u0105 reakcj\u0105 pa\u0144stwa i trafiaj\u0105 do niewoli. Solidarno\u015b\u0107 z uwi\u0119zionymi to nie tylko kwestia wsp\u00f3\u0142czucia czy sympatii dla ich [&hellip;]<\/p>\n","protected":false},"author":2,"featured_media":2237,"comment_status":"open","ping_status":"open","sticky":false,"template":"","format":"standard","meta":{"footnotes":""},"categories":[392],"tags":[643],"class_list":["post-2242","post","type-post","status-publish","format-standard","has-post-thumbnail","hentry","category-uncategorized-pl","tag-woswap2023"],"_links":{"self":[{"href":"https:\/\/solidarity.international\/index.php\/wp-json\/wp\/v2\/posts\/2242","targetHints":{"allow":["GET"]}}],"collection":[{"href":"https:\/\/solidarity.international\/index.php\/wp-json\/wp\/v2\/posts"}],"about":[{"href":"https:\/\/solidarity.international\/index.php\/wp-json\/wp\/v2\/types\/post"}],"author":[{"embeddable":true,"href":"https:\/\/solidarity.international\/index.php\/wp-json\/wp\/v2\/users\/2"}],"replies":[{"embeddable":true,"href":"https:\/\/solidarity.international\/index.php\/wp-json\/wp\/v2\/comments?post=2242"}],"version-history":[{"count":1,"href":"https:\/\/solidarity.international\/index.php\/wp-json\/wp\/v2\/posts\/2242\/revisions"}],"predecessor-version":[{"id":2243,"href":"https:\/\/solidarity.international\/index.php\/wp-json\/wp\/v2\/posts\/2242\/revisions\/2243"}],"wp:featuredmedia":[{"embeddable":true,"href":"https:\/\/solidarity.international\/index.php\/wp-json\/wp\/v2\/media\/2237"}],"wp:attachment":[{"href":"https:\/\/solidarity.international\/index.php\/wp-json\/wp\/v2\/media?parent=2242"}],"wp:term":[{"taxonomy":"category","embeddable":true,"href":"https:\/\/solidarity.international\/index.php\/wp-json\/wp\/v2\/categories?post=2242"},{"taxonomy":"post_tag","embeddable":true,"href":"https:\/\/solidarity.international\/index.php\/wp-json\/wp\/v2\/tags?post=2242"}],"curies":[{"name":"wp","href":"https:\/\/api.w.org\/{rel}","templated":true}]}}